{"id":300,"date":"2019-03-25T10:53:13","date_gmt":"2019-03-25T10:53:13","guid":{"rendered":"https:\/\/www.volgueta.com\/informacion\/?p=300"},"modified":"2019-03-25T10:53:14","modified_gmt":"2019-03-25T10:53:14","slug":"volgueta_firaperlaterra_2019","status":"publish","type":"post","link":"https:\/\/www.volgueta.com\/informacion\/mercados-artesanales\/volgueta_firaperlaterra_2019\/","title":{"rendered":"Un a\u00f1o m\u00e1s v\u00f6lgueta participa en la Fira per la Terra de Barcelona"},"content":{"rendered":"\n<figure class=\"wp-block-image\"><img loading=\"lazy\" decoding=\"async\" width=\"728\" height=\"1024\" src=\"http:\/\/www.volgueta.com\/informacion\/wp-content\/uploads\/2019\/03\/Fira_per_la_terra_2019-728x1024.jpg\" alt=\"Cartel 24\u00aa Fira pel Dia de la Terra - 13 y 14 abril 2019 - Pla\u00e7a major de nou barris, Barcelona\" class=\"wp-image-301\" srcset=\"https:\/\/www.volgueta.com\/informacion\/wp-content\/uploads\/2019\/03\/Fira_per_la_terra_2019-728x1024.jpg 728w, https:\/\/www.volgueta.com\/informacion\/wp-content\/uploads\/2019\/03\/Fira_per_la_terra_2019-213x300.jpg 213w, https:\/\/www.volgueta.com\/informacion\/wp-content\/uploads\/2019\/03\/Fira_per_la_terra_2019-768x1080.jpg 768w, https:\/\/www.volgueta.com\/informacion\/wp-content\/uploads\/2019\/03\/Fira_per_la_terra_2019.jpg 853w\" sizes=\"auto, (max-width: 728px) 100vw, 728px\" \/><figcaption>Fira per la Terra 2019<\/figcaption><\/figure>\n\n\n\n<p>v\u00f6lgueta vuelve a participar en esta <a href=\"http:\/\/www.diadelaterra.org\/page.php?chapter=80\" target=\"_blank\" rel=\"noreferrer noopener\" aria-label=\"24 edici\u00f3n de la Fira per la Terra. (abre en una nueva pesta\u00f1a)\">24 edici\u00f3n de la Fira per la Terra.<\/a> el 13 y 14 de abril de 2019. <\/p>\n\n\n\n<p>Como el a\u00f1o pasado, la feria ha cambiado de lugar. El nuevo emplazamiento es en la <a href=\"https:\/\/www.google.com\/maps\/place\/Pla%C3%A7a+Major+de+Nou+Barris,+Barcelona\/@41.4369094,2.169777,17z\/data=!3m1!4b1!4m5!3m4!1s0x12a4bd3c60c8baf9:0xeb021d9f81a334ac!8m2!3d41.4369094!4d2.1719657\" target=\"_blank\" rel=\"noreferrer noopener\" aria-label=\" (abre en una nueva pesta\u00f1a)\">Pla\u00e7a Major de Nou Barris<\/a>  (metro de Llucmajor).<\/p>\n\n\n\n<p><\/p>\n\n\n\n<p>Nos vemos el 13 y 14 de Abril!<\/p>\n","protected":false},"excerpt":{"rendered":"<p>v\u00f6lgueta participa en la 24\u00aa Fira per la Terra el 13 y 14 de Abril de 2019<\/p>\n","protected":false},"author":1,"featured_media":0,"comment_status":"open","ping_status":"open","sticky":false,"template":"","format":"standard","meta":{"footnotes":""},"categories":[3,4],"tags":[],"class_list":["post-300","post","type-post","status-publish","format-standard","hentry","category-mercados-artesanales","category-noticias"],"yoast_head":"<!-- This site is optimized with the Yoast SEO plugin v27.5 - https:\/\/yoast.com\/product\/yoast-seo-wordpress\/ -->\n<title>Un a\u00f1o m\u00e1s v\u00f6lgueta participa en la Fira per la Terra de Barcelona - Joyas de papel reciclado v\u00f6lgueta<\/title>\n<meta name=\"description\" content=\"v\u00f6lgueta participa un a\u00f1o m\u00e1s en la Fira per la Terra de Barcelona. La feria tendr\u00e1 lugar el 13 y 14 de abril en la Pla\u00e7a Major de nou Barris\" \/>\n<meta name=\"robots\" content=\"index, follow, max-snippet:-1, max-image-preview:large, max-video-preview:-1\" \/>\n<link rel=\"canonical\" href=\"https:\/\/www.volgueta.com\/informacion\/mercados-artesanales\/volgueta_firaperlaterra_2019\/\" \/>\n<meta property=\"og:locale\" content=\"ca_ES\" \/>\n<meta property=\"og:type\" content=\"article\" \/>\n<meta property=\"og:title\" content=\"Un a\u00f1o m\u00e1s v\u00f6lgueta participa en la Fira per la Terra de Barcelona - Joyas de papel reciclado v\u00f6lgueta\" \/>\n<meta property=\"og:description\" content=\"v\u00f6lgueta participa un a\u00f1o m\u00e1s en la Fira per la Terra de Barcelona. La feria tendr\u00e1 lugar el 13 y 14 de abril en la Pla\u00e7a Major de nou Barris\" \/>\n<meta property=\"og:url\" content=\"https:\/\/www.volgueta.com\/informacion\/mercados-artesanales\/volgueta_firaperlaterra_2019\/\" \/>\n<meta property=\"og:site_name\" content=\"Joyas de papel reciclado v\u00f6lgueta\" \/>\n<meta property=\"article:publisher\" content=\"https:\/\/www.facebook.com\/volgueta\/\" \/>\n<meta property=\"article:published_time\" content=\"2019-03-25T10:53:13+00:00\" \/>\n<meta property=\"article:modified_time\" content=\"2019-03-25T10:53:14+00:00\" \/>\n<meta property=\"og:image\" content=\"http:\/\/www.volgueta.com\/informacion\/wp-content\/uploads\/2019\/03\/Fira_per_la_terra_2019-728x1024.jpg\" \/>\n<meta name=\"author\" content=\"v\u00f6lgueta\" \/>\n<meta name=\"twitter:card\" content=\"summary_large_image\" \/>\n<meta name=\"twitter:label1\" content=\"Escrit per\" \/>\n\t<meta name=\"twitter:data1\" content=\"v\u00f6lgueta\" \/>\n<script type=\"application\/ld+json\" class=\"yoast-schema-graph\">{\"@context\":\"https:\\\/\\\/schema.org\",\"@graph\":[{\"@type\":\"Article\",\"@id\":\"https:\\\/\\\/www.volgueta.com\\\/informacion\\\/mercados-artesanales\\\/volgueta_firaperlaterra_2019\\\/#article\",\"isPartOf\":{\"@id\":\"https:\\\/\\\/www.volgueta.com\\\/informacion\\\/mercados-artesanales\\\/volgueta_firaperlaterra_2019\\\/\"},\"author\":{\"name\":\"v\u00f6lgueta\",\"@id\":\"https:\\\/\\\/www.volgueta.com\\\/informacion\\\/#\\\/schema\\\/person\\\/33443dd7538ebcc4f0d2f7533ec6b822\"},\"headline\":\"Un a\u00f1o m\u00e1s v\u00f6lgueta participa en la Fira per la Terra de Barcelona\",\"datePublished\":\"2019-03-25T10:53:13+00:00\",\"dateModified\":\"2019-03-25T10:53:14+00:00\",\"mainEntityOfPage\":{\"@id\":\"https:\\\/\\\/www.volgueta.com\\\/informacion\\\/mercados-artesanales\\\/volgueta_firaperlaterra_2019\\\/\"},\"wordCount\":72,\"commentCount\":0,\"image\":{\"@id\":\"https:\\\/\\\/www.volgueta.com\\\/informacion\\\/mercados-artesanales\\\/volgueta_firaperlaterra_2019\\\/#primaryimage\"},\"thumbnailUrl\":\"http:\\\/\\\/www.volgueta.com\\\/informacion\\\/wp-content\\\/uploads\\\/2019\\\/03\\\/Fira_per_la_terra_2019-728x1024.jpg\",\"articleSection\":[\"Mercados artesanales\",\"Noticias\"],\"inLanguage\":\"ca\",\"potentialAction\":[{\"@type\":\"CommentAction\",\"name\":\"Comment\",\"target\":[\"https:\\\/\\\/www.volgueta.com\\\/informacion\\\/mercados-artesanales\\\/volgueta_firaperlaterra_2019\\\/#respond\"]}]},{\"@type\":\"WebPage\",\"@id\":\"https:\\\/\\\/www.volgueta.com\\\/informacion\\\/mercados-artesanales\\\/volgueta_firaperlaterra_2019\\\/\",\"url\":\"https:\\\/\\\/www.volgueta.com\\\/informacion\\\/mercados-artesanales\\\/volgueta_firaperlaterra_2019\\\/\",\"name\":\"Un a\u00f1o m\u00e1s v\u00f6lgueta participa en la Fira per la Terra de Barcelona - Joyas de papel reciclado v\u00f6lgueta\",\"isPartOf\":{\"@id\":\"https:\\\/\\\/www.volgueta.com\\\/informacion\\\/#website\"},\"primaryImageOfPage\":{\"@id\":\"https:\\\/\\\/www.volgueta.com\\\/informacion\\\/mercados-artesanales\\\/volgueta_firaperlaterra_2019\\\/#primaryimage\"},\"image\":{\"@id\":\"https:\\\/\\\/www.volgueta.com\\\/informacion\\\/mercados-artesanales\\\/volgueta_firaperlaterra_2019\\\/#primaryimage\"},\"thumbnailUrl\":\"http:\\\/\\\/www.volgueta.com\\\/informacion\\\/wp-content\\\/uploads\\\/2019\\\/03\\\/Fira_per_la_terra_2019-728x1024.jpg\",\"datePublished\":\"2019-03-25T10:53:13+00:00\",\"dateModified\":\"2019-03-25T10:53:14+00:00\",\"author\":{\"@id\":\"https:\\\/\\\/www.volgueta.com\\\/informacion\\\/#\\\/schema\\\/person\\\/33443dd7538ebcc4f0d2f7533ec6b822\"},\"description\":\"v\u00f6lgueta participa un a\u00f1o m\u00e1s en la Fira per la Terra de Barcelona. La feria tendr\u00e1 lugar el 13 y 14 de abril en la Pla\u00e7a Major de nou Barris\",\"breadcrumb\":{\"@id\":\"https:\\\/\\\/www.volgueta.com\\\/informacion\\\/mercados-artesanales\\\/volgueta_firaperlaterra_2019\\\/#breadcrumb\"},\"inLanguage\":\"ca\",\"potentialAction\":[{\"@type\":\"ReadAction\",\"target\":[\"https:\\\/\\\/www.volgueta.com\\\/informacion\\\/mercados-artesanales\\\/volgueta_firaperlaterra_2019\\\/\"]}]},{\"@type\":\"ImageObject\",\"inLanguage\":\"ca\",\"@id\":\"https:\\\/\\\/www.volgueta.com\\\/informacion\\\/mercados-artesanales\\\/volgueta_firaperlaterra_2019\\\/#primaryimage\",\"url\":\"http:\\\/\\\/www.volgueta.com\\\/informacion\\\/wp-content\\\/uploads\\\/2019\\\/03\\\/Fira_per_la_terra_2019-728x1024.jpg\",\"contentUrl\":\"http:\\\/\\\/www.volgueta.com\\\/informacion\\\/wp-content\\\/uploads\\\/2019\\\/03\\\/Fira_per_la_terra_2019-728x1024.jpg\"},{\"@type\":\"BreadcrumbList\",\"@id\":\"https:\\\/\\\/www.volgueta.com\\\/informacion\\\/mercados-artesanales\\\/volgueta_firaperlaterra_2019\\\/#breadcrumb\",\"itemListElement\":[{\"@type\":\"ListItem\",\"position\":1,\"name\":\"Portada\",\"item\":\"https:\\\/\\\/www.volgueta.com\\\/informacion\\\/\"},{\"@type\":\"ListItem\",\"position\":2,\"name\":\"Un a\u00f1o m\u00e1s v\u00f6lgueta participa en la Fira per la Terra de Barcelona\"}]},{\"@type\":\"WebSite\",\"@id\":\"https:\\\/\\\/www.volgueta.com\\\/informacion\\\/#website\",\"url\":\"https:\\\/\\\/www.volgueta.com\\\/informacion\\\/\",\"name\":\"Informaci\u00f3n sobre las joyas de papel reciclado v\u00f6lgueta\",\"description\":\"Informaci\u00f3n y otras not\u00edcias de inter\u00e9s sobre v\u00f6lgueta, joyas de papel reciclado\",\"potentialAction\":[{\"@type\":\"SearchAction\",\"target\":{\"@type\":\"EntryPoint\",\"urlTemplate\":\"https:\\\/\\\/www.volgueta.com\\\/informacion\\\/?s={search_term_string}\"},\"query-input\":{\"@type\":\"PropertyValueSpecification\",\"valueRequired\":true,\"valueName\":\"search_term_string\"}}],\"inLanguage\":\"ca\"},{\"@type\":\"Person\",\"@id\":\"https:\\\/\\\/www.volgueta.com\\\/informacion\\\/#\\\/schema\\\/person\\\/33443dd7538ebcc4f0d2f7533ec6b822\",\"name\":\"v\u00f6lgueta\",\"image\":{\"@type\":\"ImageObject\",\"inLanguage\":\"ca\",\"@id\":\"https:\\\/\\\/secure.gravatar.com\\\/avatar\\\/5d12cb8914e1d02cf149f51769f6b2b087488f5938030ef660d988ed1d75ceb4?s=96&d=mm&r=g\",\"url\":\"https:\\\/\\\/secure.gravatar.com\\\/avatar\\\/5d12cb8914e1d02cf149f51769f6b2b087488f5938030ef660d988ed1d75ceb4?s=96&d=mm&r=g\",\"contentUrl\":\"https:\\\/\\\/secure.gravatar.com\\\/avatar\\\/5d12cb8914e1d02cf149f51769f6b2b087488f5938030ef660d988ed1d75ceb4?s=96&d=mm&r=g\",\"caption\":\"v\u00f6lgueta\"}}]}<\/script>\n<!-- \/ Yoast SEO plugin. -->","yoast_head_json":{"title":"Un a\u00f1o m\u00e1s v\u00f6lgueta participa en la Fira per la Terra de Barcelona - Joyas de papel reciclado v\u00f6lgueta","description":"v\u00f6lgueta participa un a\u00f1o m\u00e1s en la Fira per la Terra de Barcelona. La feria tendr\u00e1 lugar el 13 y 14 de abril en la Pla\u00e7a Major de nou Barris","robots":{"index":"index","follow":"follow","max-snippet":"max-snippet:-1","max-image-preview":"max-image-preview:large","max-video-preview":"max-video-preview:-1"},"canonical":"https:\/\/www.volgueta.com\/informacion\/mercados-artesanales\/volgueta_firaperlaterra_2019\/","og_locale":"ca_ES","og_type":"article","og_title":"Un a\u00f1o m\u00e1s v\u00f6lgueta participa en la Fira per la Terra de Barcelona - Joyas de papel reciclado v\u00f6lgueta","og_description":"v\u00f6lgueta participa un a\u00f1o m\u00e1s en la Fira per la Terra de Barcelona. La feria tendr\u00e1 lugar el 13 y 14 de abril en la Pla\u00e7a Major de nou Barris","og_url":"https:\/\/www.volgueta.com\/informacion\/mercados-artesanales\/volgueta_firaperlaterra_2019\/","og_site_name":"Joyas de papel reciclado v\u00f6lgueta","article_publisher":"https:\/\/www.facebook.com\/volgueta\/","article_published_time":"2019-03-25T10:53:13+00:00","article_modified_time":"2019-03-25T10:53:14+00:00","og_image":[{"url":"http:\/\/www.volgueta.com\/informacion\/wp-content\/uploads\/2019\/03\/Fira_per_la_terra_2019-728x1024.jpg","type":"","width":"","height":""}],"author":"v\u00f6lgueta","twitter_card":"summary_large_image","twitter_misc":{"Escrit per":"v\u00f6lgueta"},"schema":{"@context":"https:\/\/schema.org","@graph":[{"@type":"Article","@id":"https:\/\/www.volgueta.com\/informacion\/mercados-artesanales\/volgueta_firaperlaterra_2019\/#article","isPartOf":{"@id":"https:\/\/www.volgueta.com\/informacion\/mercados-artesanales\/volgueta_firaperlaterra_2019\/"},"author":{"name":"v\u00f6lgueta","@id":"https:\/\/www.volgueta.com\/informacion\/#\/schema\/person\/33443dd7538ebcc4f0d2f7533ec6b822"},"headline":"Un a\u00f1o m\u00e1s v\u00f6lgueta participa en la Fira per la Terra de Barcelona","datePublished":"2019-03-25T10:53:13+00:00","dateModified":"2019-03-25T10:53:14+00:00","mainEntityOfPage":{"@id":"https:\/\/www.volgueta.com\/informacion\/mercados-artesanales\/volgueta_firaperlaterra_2019\/"},"wordCount":72,"commentCount":0,"image":{"@id":"https:\/\/www.volgueta.com\/informacion\/mercados-artesanales\/volgueta_firaperlaterra_2019\/#primaryimage"},"thumbnailUrl":"http:\/\/www.volgueta.com\/informacion\/wp-content\/uploads\/2019\/03\/Fira_per_la_terra_2019-728x1024.jpg","articleSection":["Mercados artesanales","Noticias"],"inLanguage":"ca","potentialAction":[{"@type":"CommentAction","name":"Comment","target":["https:\/\/www.volgueta.com\/informacion\/mercados-artesanales\/volgueta_firaperlaterra_2019\/#respond"]}]},{"@type":"WebPage","@id":"https:\/\/www.volgueta.com\/informacion\/mercados-artesanales\/volgueta_firaperlaterra_2019\/","url":"https:\/\/www.volgueta.com\/informacion\/mercados-artesanales\/volgueta_firaperlaterra_2019\/","name":"Un a\u00f1o m\u00e1s v\u00f6lgueta participa en la Fira per la Terra de Barcelona - Joyas de papel reciclado v\u00f6lgueta","isPartOf":{"@id":"https:\/\/www.volgueta.com\/informacion\/#website"},"primaryImageOfPage":{"@id":"https:\/\/www.volgueta.com\/informacion\/mercados-artesanales\/volgueta_firaperlaterra_2019\/#primaryimage"},"image":{"@id":"https:\/\/www.volgueta.com\/informacion\/mercados-artesanales\/volgueta_firaperlaterra_2019\/#primaryimage"},"thumbnailUrl":"http:\/\/www.volgueta.com\/informacion\/wp-content\/uploads\/2019\/03\/Fira_per_la_terra_2019-728x1024.jpg","datePublished":"2019-03-25T10:53:13+00:00","dateModified":"2019-03-25T10:53:14+00:00","author":{"@id":"https:\/\/www.volgueta.com\/informacion\/#\/schema\/person\/33443dd7538ebcc4f0d2f7533ec6b822"},"description":"v\u00f6lgueta participa un a\u00f1o m\u00e1s en la Fira per la Terra de Barcelona. La feria tendr\u00e1 lugar el 13 y 14 de abril en la Pla\u00e7a Major de nou Barris","breadcrumb":{"@id":"https:\/\/www.volgueta.com\/informacion\/mercados-artesanales\/volgueta_firaperlaterra_2019\/#breadcrumb"},"inLanguage":"ca","potentialAction":[{"@type":"ReadAction","target":["https:\/\/www.volgueta.com\/informacion\/mercados-artesanales\/volgueta_firaperlaterra_2019\/"]}]},{"@type":"ImageObject","inLanguage":"ca","@id":"https:\/\/www.volgueta.com\/informacion\/mercados-artesanales\/volgueta_firaperlaterra_2019\/#primaryimage","url":"http:\/\/www.volgueta.com\/informacion\/wp-content\/uploads\/2019\/03\/Fira_per_la_terra_2019-728x1024.jpg","contentUrl":"http:\/\/www.volgueta.com\/informacion\/wp-content\/uploads\/2019\/03\/Fira_per_la_terra_2019-728x1024.jpg"},{"@type":"BreadcrumbList","@id":"https:\/\/www.volgueta.com\/informacion\/mercados-artesanales\/volgueta_firaperlaterra_2019\/#breadcrumb","itemListElement":[{"@type":"ListItem","position":1,"name":"Portada","item":"https:\/\/www.volgueta.com\/informacion\/"},{"@type":"ListItem","position":2,"name":"Un a\u00f1o m\u00e1s v\u00f6lgueta participa en la Fira per la Terra de Barcelona"}]},{"@type":"WebSite","@id":"https:\/\/www.volgueta.com\/informacion\/#website","url":"https:\/\/www.volgueta.com\/informacion\/","name":"Informaci\u00f3n sobre las joyas de papel reciclado v\u00f6lgueta","description":"Informaci\u00f3n y otras not\u00edcias de inter\u00e9s sobre v\u00f6lgueta, joyas de papel reciclado","potentialAction":[{"@type":"SearchAction","target":{"@type":"EntryPoint","urlTemplate":"https:\/\/www.volgueta.com\/informacion\/?s={search_term_string}"},"query-input":{"@type":"PropertyValueSpecification","valueRequired":true,"valueName":"search_term_string"}}],"inLanguage":"ca"},{"@type":"Person","@id":"https:\/\/www.volgueta.com\/informacion\/#\/schema\/person\/33443dd7538ebcc4f0d2f7533ec6b822","name":"v\u00f6lgueta","image":{"@type":"ImageObject","inLanguage":"ca","@id":"https:\/\/secure.gravatar.com\/avatar\/5d12cb8914e1d02cf149f51769f6b2b087488f5938030ef660d988ed1d75ceb4?s=96&d=mm&r=g","url":"https:\/\/secure.gravatar.com\/avatar\/5d12cb8914e1d02cf149f51769f6b2b087488f5938030ef660d988ed1d75ceb4?s=96&d=mm&r=g","contentUrl":"https:\/\/secure.gravatar.com\/avatar\/5d12cb8914e1d02cf149f51769f6b2b087488f5938030ef660d988ed1d75ceb4?s=96&d=mm&r=g","caption":"v\u00f6lgueta"}}]}},"_links":{"self":[{"href":"https:\/\/www.volgueta.com\/informacion\/wp-json\/wp\/v2\/posts\/300","targetHints":{"allow":["GET"]}}],"collection":[{"href":"https:\/\/www.volgueta.com\/informacion\/wp-json\/wp\/v2\/posts"}],"about":[{"href":"https:\/\/www.volgueta.com\/informacion\/wp-json\/wp\/v2\/types\/post"}],"author":[{"embeddable":true,"href":"https:\/\/www.volgueta.com\/informacion\/wp-json\/wp\/v2\/users\/1"}],"replies":[{"embeddable":true,"href":"https:\/\/www.volgueta.com\/informacion\/wp-json\/wp\/v2\/comments?post=300"}],"version-history":[{"count":0,"href":"https:\/\/www.volgueta.com\/informacion\/wp-json\/wp\/v2\/posts\/300\/revisions"}],"wp:attachment":[{"href":"https:\/\/www.volgueta.com\/informacion\/wp-json\/wp\/v2\/media?parent=300"}],"wp:term":[{"taxonomy":"category","embeddable":true,"href":"https:\/\/www.volgueta.com\/informacion\/wp-json\/wp\/v2\/categories?post=300"},{"taxonomy":"post_tag","embeddable":true,"href":"https:\/\/www.volgueta.com\/informacion\/wp-json\/wp\/v2\/tags?post=300"}],"curies":[{"name":"wp","href":"https:\/\/api.w.org\/{rel}","templated":true}]}}