{"id":306,"date":"2019-04-22T10:54:51","date_gmt":"2019-04-22T10:54:51","guid":{"rendered":"https:\/\/www.volgueta.com\/informacion\/?p=306"},"modified":"2019-04-22T10:54:52","modified_gmt":"2019-04-22T10:54:52","slug":"dia-de-la-tierra","status":"publish","type":"post","link":"https:\/\/www.volgueta.com\/informacion\/noticias\/dia-de-la-tierra\/","title":{"rendered":"D\u00eda de la Tierra 2019"},"content":{"rendered":"\n\n\n<p>Feliz D\u00eda de la Tierra 2019 #diadelatierra #diadelaterra #earthday<\/p>\n\n\n\n<figure class=\"wp-block-image\"><img loading=\"lazy\" decoding=\"async\" width=\"1024\" height=\"1024\" src=\"http:\/\/www.volgueta.com\/informacion\/wp-content\/uploads\/2019\/04\/dia-de-la-tierra-2019-volgueta-3-1024x1024.jpg\" alt=\"D\u00eda de la Tierra - collar de papel reciclado v\u00f6lgueta\" class=\"wp-image-316\" srcset=\"https:\/\/www.volgueta.com\/informacion\/wp-content\/uploads\/2019\/04\/dia-de-la-tierra-2019-volgueta-3-1024x1024.jpg 1024w, https:\/\/www.volgueta.com\/informacion\/wp-content\/uploads\/2019\/04\/dia-de-la-tierra-2019-volgueta-3-150x150.jpg 150w, https:\/\/www.volgueta.com\/informacion\/wp-content\/uploads\/2019\/04\/dia-de-la-tierra-2019-volgueta-3-300x300.jpg 300w, https:\/\/www.volgueta.com\/informacion\/wp-content\/uploads\/2019\/04\/dia-de-la-tierra-2019-volgueta-3-768x768.jpg 768w, https:\/\/www.volgueta.com\/informacion\/wp-content\/uploads\/2019\/04\/dia-de-la-tierra-2019-volgueta-3-100x100.jpg 100w, https:\/\/www.volgueta.com\/informacion\/wp-content\/uploads\/2019\/04\/dia-de-la-tierra-2019-volgueta-3.jpg 1200w\" sizes=\"auto, (max-width: 767px) 89vw, (max-width: 1000px) 54vw, (max-width: 1071px) 543px, 580px\" \/><figcaption>D\u00eda de la Tierra &#8211; collar de papel reciclado v\u00f6lgueta<\/figcaption><\/figure>\n\n\n\n<ul class=\"wp-block-gallery columns-0 is-cropped wp-block-gallery-1 is-layout-flex wp-block-gallery-is-layout-flex\"><\/ul>\n\n\n\n<p>Hoy es el d\u00eda mundial de la tierra. D\u00eda para tener conciencia de nuestro entorno, reflexionar y pensar que acciones personales podemos llevar a cabo para mejorar la situaci\u00f3n del planeta, que cada peque\u00f1a acci\u00f3n suma. <\/p>\n\n\n\n<p>Muy contenta con mi proyecto v\u00f6lgueta, joyas de papel reciclado de poder aportar mi granito de arena: reciclando papel para hacer las joyas y reusando y reutilizando cartones de tetrabrick para poner los pendienets y papel de peri\u00f3dico para hacer las bolsas de las joyas.<\/p>\n\n\n\n<p><\/p>\n","protected":false},"excerpt":{"rendered":"<p>Feliz D\u00eda de la Tierra 2019 #diadelatierra #diadelaterra #earthday Hoy es el d\u00eda mundial de la tierra. D\u00eda para tener conciencia de nuestro entorno, reflexionar y pensar que acciones personales podemos llevar a cabo para mejorar la situaci\u00f3n del planeta, que cada peque\u00f1a acci\u00f3n suma. Muy contenta con mi proyecto v\u00f6lgueta, joyas de papel reciclado &hellip; <\/p>\n<p class=\"link-more\"><a href=\"https:\/\/www.volgueta.com\/informacion\/noticias\/dia-de-la-tierra\/\" class=\"more-link\">Continua llegint <span class=\"screen-reader-text\">\u00abD\u00eda de la Tierra 2019\u00bb<\/span><\/a><\/p>\n","protected":false},"author":1,"featured_media":0,"comment_status":"open","ping_status":"open","sticky":false,"template":"","format":"standard","meta":{"footnotes":""},"categories":[4],"tags":[],"class_list":["post-306","post","type-post","status-publish","format-standard","hentry","category-noticias"],"yoast_head":"<!-- This site is optimized with the Yoast SEO plugin v27.5 - https:\/\/yoast.com\/product\/yoast-seo-wordpress\/ -->\n<title>D\u00eda de la Tierra 2019 Joyas de papel reciclado v\u00f6lgueta<\/title>\n<meta name=\"description\" content=\"22 de Abril, D\u00eda de la Tierra. v\u00f6lgueta con su proyecto de reciclaje, reutilizaci\u00f3n y reducci\u00f3n aporta su granito de arena al cuidado de la Tierra\" \/>\n<meta name=\"robots\" content=\"index, follow, max-snippet:-1, max-image-preview:large, max-video-preview:-1\" \/>\n<link rel=\"canonical\" href=\"https:\/\/www.volgueta.com\/informacion\/noticias\/dia-de-la-tierra\/\" \/>\n<meta property=\"og:locale\" content=\"ca_ES\" \/>\n<meta property=\"og:type\" content=\"article\" \/>\n<meta property=\"og:title\" content=\"D\u00eda de la Tierra 2019 Joyas de papel reciclado v\u00f6lgueta\" \/>\n<meta property=\"og:description\" content=\"22 de Abril, D\u00eda de la Tierra. v\u00f6lgueta con su proyecto de reciclaje, reutilizaci\u00f3n y reducci\u00f3n aporta su granito de arena al cuidado de la Tierra\" \/>\n<meta property=\"og:url\" content=\"https:\/\/www.volgueta.com\/informacion\/noticias\/dia-de-la-tierra\/\" \/>\n<meta property=\"og:site_name\" content=\"Joyas de papel reciclado v\u00f6lgueta\" \/>\n<meta property=\"article:publisher\" content=\"https:\/\/www.facebook.com\/volgueta\/\" \/>\n<meta property=\"article:published_time\" content=\"2019-04-22T10:54:51+00:00\" \/>\n<meta property=\"article:modified_time\" content=\"2019-04-22T10:54:52+00:00\" \/>\n<meta property=\"og:image\" content=\"http:\/\/www.volgueta.com\/informacion\/wp-content\/uploads\/2019\/04\/dia-de-la-tierra-2019-volgueta-3-1024x1024.jpg\" \/>\n<meta name=\"author\" content=\"v\u00f6lgueta\" \/>\n<meta name=\"twitter:card\" content=\"summary_large_image\" \/>\n<meta name=\"twitter:label1\" content=\"Escrit per\" \/>\n\t<meta name=\"twitter:data1\" content=\"v\u00f6lgueta\" \/>\n\t<meta name=\"twitter:label2\" content=\"Temps estimat de lectura\" \/>\n\t<meta name=\"twitter:data2\" content=\"1 minut\" \/>\n<script type=\"application\/ld+json\" class=\"yoast-schema-graph\">{\"@context\":\"https:\\\/\\\/schema.org\",\"@graph\":[{\"@type\":\"Article\",\"@id\":\"https:\\\/\\\/www.volgueta.com\\\/informacion\\\/noticias\\\/dia-de-la-tierra\\\/#article\",\"isPartOf\":{\"@id\":\"https:\\\/\\\/www.volgueta.com\\\/informacion\\\/noticias\\\/dia-de-la-tierra\\\/\"},\"author\":{\"name\":\"v\u00f6lgueta\",\"@id\":\"https:\\\/\\\/www.volgueta.com\\\/informacion\\\/#\\\/schema\\\/person\\\/33443dd7538ebcc4f0d2f7533ec6b822\"},\"headline\":\"D\u00eda de la Tierra 2019\",\"datePublished\":\"2019-04-22T10:54:51+00:00\",\"dateModified\":\"2019-04-22T10:54:52+00:00\",\"mainEntityOfPage\":{\"@id\":\"https:\\\/\\\/www.volgueta.com\\\/informacion\\\/noticias\\\/dia-de-la-tierra\\\/\"},\"wordCount\":114,\"commentCount\":0,\"image\":{\"@id\":\"https:\\\/\\\/www.volgueta.com\\\/informacion\\\/noticias\\\/dia-de-la-tierra\\\/#primaryimage\"},\"thumbnailUrl\":\"http:\\\/\\\/www.volgueta.com\\\/informacion\\\/wp-content\\\/uploads\\\/2019\\\/04\\\/dia-de-la-tierra-2019-volgueta-3-1024x1024.jpg\",\"articleSection\":[\"Noticias\"],\"inLanguage\":\"ca\",\"potentialAction\":[{\"@type\":\"CommentAction\",\"name\":\"Comment\",\"target\":[\"https:\\\/\\\/www.volgueta.com\\\/informacion\\\/noticias\\\/dia-de-la-tierra\\\/#respond\"]}]},{\"@type\":\"WebPage\",\"@id\":\"https:\\\/\\\/www.volgueta.com\\\/informacion\\\/noticias\\\/dia-de-la-tierra\\\/\",\"url\":\"https:\\\/\\\/www.volgueta.com\\\/informacion\\\/noticias\\\/dia-de-la-tierra\\\/\",\"name\":\"D\u00eda de la Tierra 2019 Joyas de papel reciclado v\u00f6lgueta\",\"isPartOf\":{\"@id\":\"https:\\\/\\\/www.volgueta.com\\\/informacion\\\/#website\"},\"primaryImageOfPage\":{\"@id\":\"https:\\\/\\\/www.volgueta.com\\\/informacion\\\/noticias\\\/dia-de-la-tierra\\\/#primaryimage\"},\"image\":{\"@id\":\"https:\\\/\\\/www.volgueta.com\\\/informacion\\\/noticias\\\/dia-de-la-tierra\\\/#primaryimage\"},\"thumbnailUrl\":\"http:\\\/\\\/www.volgueta.com\\\/informacion\\\/wp-content\\\/uploads\\\/2019\\\/04\\\/dia-de-la-tierra-2019-volgueta-3-1024x1024.jpg\",\"datePublished\":\"2019-04-22T10:54:51+00:00\",\"dateModified\":\"2019-04-22T10:54:52+00:00\",\"author\":{\"@id\":\"https:\\\/\\\/www.volgueta.com\\\/informacion\\\/#\\\/schema\\\/person\\\/33443dd7538ebcc4f0d2f7533ec6b822\"},\"description\":\"22 de Abril, D\u00eda de la Tierra. v\u00f6lgueta con su proyecto de reciclaje, reutilizaci\u00f3n y reducci\u00f3n aporta su granito de arena al cuidado de la Tierra\",\"breadcrumb\":{\"@id\":\"https:\\\/\\\/www.volgueta.com\\\/informacion\\\/noticias\\\/dia-de-la-tierra\\\/#breadcrumb\"},\"inLanguage\":\"ca\",\"potentialAction\":[{\"@type\":\"ReadAction\",\"target\":[\"https:\\\/\\\/www.volgueta.com\\\/informacion\\\/noticias\\\/dia-de-la-tierra\\\/\"]}]},{\"@type\":\"ImageObject\",\"inLanguage\":\"ca\",\"@id\":\"https:\\\/\\\/www.volgueta.com\\\/informacion\\\/noticias\\\/dia-de-la-tierra\\\/#primaryimage\",\"url\":\"http:\\\/\\\/www.volgueta.com\\\/informacion\\\/wp-content\\\/uploads\\\/2019\\\/04\\\/dia-de-la-tierra-2019-volgueta-3-1024x1024.jpg\",\"contentUrl\":\"http:\\\/\\\/www.volgueta.com\\\/informacion\\\/wp-content\\\/uploads\\\/2019\\\/04\\\/dia-de-la-tierra-2019-volgueta-3-1024x1024.jpg\"},{\"@type\":\"BreadcrumbList\",\"@id\":\"https:\\\/\\\/www.volgueta.com\\\/informacion\\\/noticias\\\/dia-de-la-tierra\\\/#breadcrumb\",\"itemListElement\":[{\"@type\":\"ListItem\",\"position\":1,\"name\":\"Portada\",\"item\":\"https:\\\/\\\/www.volgueta.com\\\/informacion\\\/\"},{\"@type\":\"ListItem\",\"position\":2,\"name\":\"D\u00eda de la Tierra 2019\"}]},{\"@type\":\"WebSite\",\"@id\":\"https:\\\/\\\/www.volgueta.com\\\/informacion\\\/#website\",\"url\":\"https:\\\/\\\/www.volgueta.com\\\/informacion\\\/\",\"name\":\"Informaci\u00f3n sobre las joyas de papel reciclado v\u00f6lgueta\",\"description\":\"Informaci\u00f3n y otras not\u00edcias de inter\u00e9s sobre v\u00f6lgueta, joyas de papel reciclado\",\"potentialAction\":[{\"@type\":\"SearchAction\",\"target\":{\"@type\":\"EntryPoint\",\"urlTemplate\":\"https:\\\/\\\/www.volgueta.com\\\/informacion\\\/?s={search_term_string}\"},\"query-input\":{\"@type\":\"PropertyValueSpecification\",\"valueRequired\":true,\"valueName\":\"search_term_string\"}}],\"inLanguage\":\"ca\"},{\"@type\":\"Person\",\"@id\":\"https:\\\/\\\/www.volgueta.com\\\/informacion\\\/#\\\/schema\\\/person\\\/33443dd7538ebcc4f0d2f7533ec6b822\",\"name\":\"v\u00f6lgueta\",\"image\":{\"@type\":\"ImageObject\",\"inLanguage\":\"ca\",\"@id\":\"https:\\\/\\\/secure.gravatar.com\\\/avatar\\\/5d12cb8914e1d02cf149f51769f6b2b087488f5938030ef660d988ed1d75ceb4?s=96&d=mm&r=g\",\"url\":\"https:\\\/\\\/secure.gravatar.com\\\/avatar\\\/5d12cb8914e1d02cf149f51769f6b2b087488f5938030ef660d988ed1d75ceb4?s=96&d=mm&r=g\",\"contentUrl\":\"https:\\\/\\\/secure.gravatar.com\\\/avatar\\\/5d12cb8914e1d02cf149f51769f6b2b087488f5938030ef660d988ed1d75ceb4?s=96&d=mm&r=g\",\"caption\":\"v\u00f6lgueta\"}}]}<\/script>\n<!-- \/ Yoast SEO plugin. -->","yoast_head_json":{"title":"D\u00eda de la Tierra 2019 Joyas de papel reciclado v\u00f6lgueta","description":"22 de Abril, D\u00eda de la Tierra. v\u00f6lgueta con su proyecto de reciclaje, reutilizaci\u00f3n y reducci\u00f3n aporta su granito de arena al cuidado de la Tierra","robots":{"index":"index","follow":"follow","max-snippet":"max-snippet:-1","max-image-preview":"max-image-preview:large","max-video-preview":"max-video-preview:-1"},"canonical":"https:\/\/www.volgueta.com\/informacion\/noticias\/dia-de-la-tierra\/","og_locale":"ca_ES","og_type":"article","og_title":"D\u00eda de la Tierra 2019 Joyas de papel reciclado v\u00f6lgueta","og_description":"22 de Abril, D\u00eda de la Tierra. v\u00f6lgueta con su proyecto de reciclaje, reutilizaci\u00f3n y reducci\u00f3n aporta su granito de arena al cuidado de la Tierra","og_url":"https:\/\/www.volgueta.com\/informacion\/noticias\/dia-de-la-tierra\/","og_site_name":"Joyas de papel reciclado v\u00f6lgueta","article_publisher":"https:\/\/www.facebook.com\/volgueta\/","article_published_time":"2019-04-22T10:54:51+00:00","article_modified_time":"2019-04-22T10:54:52+00:00","og_image":[{"url":"http:\/\/www.volgueta.com\/informacion\/wp-content\/uploads\/2019\/04\/dia-de-la-tierra-2019-volgueta-3-1024x1024.jpg","type":"","width":"","height":""}],"author":"v\u00f6lgueta","twitter_card":"summary_large_image","twitter_misc":{"Escrit per":"v\u00f6lgueta","Temps estimat de lectura":"1 minut"},"schema":{"@context":"https:\/\/schema.org","@graph":[{"@type":"Article","@id":"https:\/\/www.volgueta.com\/informacion\/noticias\/dia-de-la-tierra\/#article","isPartOf":{"@id":"https:\/\/www.volgueta.com\/informacion\/noticias\/dia-de-la-tierra\/"},"author":{"name":"v\u00f6lgueta","@id":"https:\/\/www.volgueta.com\/informacion\/#\/schema\/person\/33443dd7538ebcc4f0d2f7533ec6b822"},"headline":"D\u00eda de la Tierra 2019","datePublished":"2019-04-22T10:54:51+00:00","dateModified":"2019-04-22T10:54:52+00:00","mainEntityOfPage":{"@id":"https:\/\/www.volgueta.com\/informacion\/noticias\/dia-de-la-tierra\/"},"wordCount":114,"commentCount":0,"image":{"@id":"https:\/\/www.volgueta.com\/informacion\/noticias\/dia-de-la-tierra\/#primaryimage"},"thumbnailUrl":"http:\/\/www.volgueta.com\/informacion\/wp-content\/uploads\/2019\/04\/dia-de-la-tierra-2019-volgueta-3-1024x1024.jpg","articleSection":["Noticias"],"inLanguage":"ca","potentialAction":[{"@type":"CommentAction","name":"Comment","target":["https:\/\/www.volgueta.com\/informacion\/noticias\/dia-de-la-tierra\/#respond"]}]},{"@type":"WebPage","@id":"https:\/\/www.volgueta.com\/informacion\/noticias\/dia-de-la-tierra\/","url":"https:\/\/www.volgueta.com\/informacion\/noticias\/dia-de-la-tierra\/","name":"D\u00eda de la Tierra 2019 Joyas de papel reciclado v\u00f6lgueta","isPartOf":{"@id":"https:\/\/www.volgueta.com\/informacion\/#website"},"primaryImageOfPage":{"@id":"https:\/\/www.volgueta.com\/informacion\/noticias\/dia-de-la-tierra\/#primaryimage"},"image":{"@id":"https:\/\/www.volgueta.com\/informacion\/noticias\/dia-de-la-tierra\/#primaryimage"},"thumbnailUrl":"http:\/\/www.volgueta.com\/informacion\/wp-content\/uploads\/2019\/04\/dia-de-la-tierra-2019-volgueta-3-1024x1024.jpg","datePublished":"2019-04-22T10:54:51+00:00","dateModified":"2019-04-22T10:54:52+00:00","author":{"@id":"https:\/\/www.volgueta.com\/informacion\/#\/schema\/person\/33443dd7538ebcc4f0d2f7533ec6b822"},"description":"22 de Abril, D\u00eda de la Tierra. v\u00f6lgueta con su proyecto de reciclaje, reutilizaci\u00f3n y reducci\u00f3n aporta su granito de arena al cuidado de la Tierra","breadcrumb":{"@id":"https:\/\/www.volgueta.com\/informacion\/noticias\/dia-de-la-tierra\/#breadcrumb"},"inLanguage":"ca","potentialAction":[{"@type":"ReadAction","target":["https:\/\/www.volgueta.com\/informacion\/noticias\/dia-de-la-tierra\/"]}]},{"@type":"ImageObject","inLanguage":"ca","@id":"https:\/\/www.volgueta.com\/informacion\/noticias\/dia-de-la-tierra\/#primaryimage","url":"http:\/\/www.volgueta.com\/informacion\/wp-content\/uploads\/2019\/04\/dia-de-la-tierra-2019-volgueta-3-1024x1024.jpg","contentUrl":"http:\/\/www.volgueta.com\/informacion\/wp-content\/uploads\/2019\/04\/dia-de-la-tierra-2019-volgueta-3-1024x1024.jpg"},{"@type":"BreadcrumbList","@id":"https:\/\/www.volgueta.com\/informacion\/noticias\/dia-de-la-tierra\/#breadcrumb","itemListElement":[{"@type":"ListItem","position":1,"name":"Portada","item":"https:\/\/www.volgueta.com\/informacion\/"},{"@type":"ListItem","position":2,"name":"D\u00eda de la Tierra 2019"}]},{"@type":"WebSite","@id":"https:\/\/www.volgueta.com\/informacion\/#website","url":"https:\/\/www.volgueta.com\/informacion\/","name":"Informaci\u00f3n sobre las joyas de papel reciclado v\u00f6lgueta","description":"Informaci\u00f3n y otras not\u00edcias de inter\u00e9s sobre v\u00f6lgueta, joyas de papel reciclado","potentialAction":[{"@type":"SearchAction","target":{"@type":"EntryPoint","urlTemplate":"https:\/\/www.volgueta.com\/informacion\/?s={search_term_string}"},"query-input":{"@type":"PropertyValueSpecification","valueRequired":true,"valueName":"search_term_string"}}],"inLanguage":"ca"},{"@type":"Person","@id":"https:\/\/www.volgueta.com\/informacion\/#\/schema\/person\/33443dd7538ebcc4f0d2f7533ec6b822","name":"v\u00f6lgueta","image":{"@type":"ImageObject","inLanguage":"ca","@id":"https:\/\/secure.gravatar.com\/avatar\/5d12cb8914e1d02cf149f51769f6b2b087488f5938030ef660d988ed1d75ceb4?s=96&d=mm&r=g","url":"https:\/\/secure.gravatar.com\/avatar\/5d12cb8914e1d02cf149f51769f6b2b087488f5938030ef660d988ed1d75ceb4?s=96&d=mm&r=g","contentUrl":"https:\/\/secure.gravatar.com\/avatar\/5d12cb8914e1d02cf149f51769f6b2b087488f5938030ef660d988ed1d75ceb4?s=96&d=mm&r=g","caption":"v\u00f6lgueta"}}]}},"_links":{"self":[{"href":"https:\/\/www.volgueta.com\/informacion\/wp-json\/wp\/v2\/posts\/306","targetHints":{"allow":["GET"]}}],"collection":[{"href":"https:\/\/www.volgueta.com\/informacion\/wp-json\/wp\/v2\/posts"}],"about":[{"href":"https:\/\/www.volgueta.com\/informacion\/wp-json\/wp\/v2\/types\/post"}],"author":[{"embeddable":true,"href":"https:\/\/www.volgueta.com\/informacion\/wp-json\/wp\/v2\/users\/1"}],"replies":[{"embeddable":true,"href":"https:\/\/www.volgueta.com\/informacion\/wp-json\/wp\/v2\/comments?post=306"}],"version-history":[{"count":0,"href":"https:\/\/www.volgueta.com\/informacion\/wp-json\/wp\/v2\/posts\/306\/revisions"}],"wp:attachment":[{"href":"https:\/\/www.volgueta.com\/informacion\/wp-json\/wp\/v2\/media?parent=306"}],"wp:term":[{"taxonomy":"category","embeddable":true,"href":"https:\/\/www.volgueta.com\/informacion\/wp-json\/wp\/v2\/categories?post=306"},{"taxonomy":"post_tag","embeddable":true,"href":"https:\/\/www.volgueta.com\/informacion\/wp-json\/wp\/v2\/tags?post=306"}],"curies":[{"name":"wp","href":"https:\/\/api.w.org\/{rel}","templated":true}]}}